{"id":1377,"date":"2019-10-26T20:27:43","date_gmt":"2019-10-26T19:27:43","guid":{"rendered":"http:\/\/www.zylannprods.fr\/fr\/?p=1377"},"modified":"2020-03-03T01:12:33","modified_gmt":"2020-03-03T00:12:33","slug":"nouvelles-depuis-2016","status":"publish","type":"post","link":"https:\/\/www.zylannprods.fr\/fr\/nouvelles-depuis-2016\/","title":{"rendered":"Nouvelles depuis 2016"},"content":{"rendered":"\n<p>Hello.<\/p>\n\n\n\n<p>\u00c7a fait un bail que je n\u2019ai pas post\u00e9 d\u2019article depuis la fin de \nMilhana, il \u00e9tait temps que je fasse une mise \u00e0 jour. Tout d\u2019abord, je \nne suis pas rest\u00e9 inactif, bien au contraire! C\u2019est pourquoi cet article\n est un peu plus long que ce que j\u2019avais l\u2019habitude de poster :p<\/p>\n\n\n\n<h2 id=\"la-fin-de-milhana\">La fin de Milhana<\/h2>\n\n\n\n<div class=\"wp-block-image\"><figure class=\"aligncenter\"><img loading=\"lazy\" width=\"800\" height=\"200\" src=\"https:\/\/www.zylannprods.fr\/fr\/wp-content\/uploads\/2013\/03\/milhana_ban_800x200.png\" alt=\"\" class=\"wp-image-121\" srcset=\"https:\/\/www.zylannprods.fr\/fr\/wp-content\/uploads\/2013\/03\/milhana_ban_800x200.png 800w, https:\/\/www.zylannprods.fr\/fr\/wp-content\/uploads\/2013\/03\/milhana_ban_800x200-300x75.png 300w\" sizes=\"(max-width: 800px) 100vw, 800px\" \/><\/figure><\/div>\n\n\n\n<p>Milhana, ma premi\u00e8re saga audio, est \u00e0 pr\u00e9sent termin\u00e9e. Elle est  disponible a l\u2019\u00e9coute <a href=\"https:\/\/www.zylannprods.fr\/fr\/?page_id=37\">sur mon site<\/a>, ou sur <a href=\"https:\/\/www.youtube.com\/watch?v=hmcyZOl_EVI&amp;list=PLjhr5kxwxo9_o4q5uSVyD5qMB_dOzY55R\">YouTube<\/a>, et la bande  originale est  \u00e9galement disponible sur <a href=\"https:\/\/zylann.bandcamp.com\/album\/milhana-original-soundtrack-not-complete-yet\">Bandcamp<\/a>. J\u2019ai aussi distribu\u00e9 une cinquantaine de CD lors de deux conventions <a href=\"http:\/\/www.mp3aparis.fr\/\">Mp3@Paris<\/a>,  en 2017 et 2018. Ces CD contenaient \u00e9galement la bande originale de la  saga au format FLAC. Je n\u2019ai pas fait d\u2019\u00e9dition 2019, le futur d\u00e9pendra  de ce qu\u2019il adviendra de l\u2019\u00e9v\u00e8nement en 2020. Milhana a \u00e9galement  remport\u00e9 le titre de meilleure saga \u00e0 la C\u00e9r\u00e9monie des Potards 2017!  Encore merci \u00e0 tous les acteurs qui ont bien voulu pr\u00eater leur voix aux  personnages de cette fiction fantastique, qui m\u2019aura occup\u00e9 pendant pr\u00e8s  de 8 ans \ud83d\ude42<\/p>\n\n\n\n<h2 id=\"le-sort-de-bricks\">Le sort de Bricks<\/h2>\n\n\n\n<div class=\"wp-block-image\"><figure class=\"aligncenter\"><img loading=\"lazy\" width=\"300\" height=\"112\" src=\"https:\/\/www.zylannprods.fr\/fr\/wp-content\/uploads\/2013\/03\/bricks_w300.png\" alt=\"\" class=\"wp-image-249\"\/><\/figure><\/div>\n\n\n\n<p><a href=\"https:\/\/www.zylannprods.fr\/fr\/?page_id=39\">Bricks<\/a> est ma seconde fiction audio sur le th\u00e8me des LEGO, au  sc\u00e9nario Toy-Story-Blockbuster-esque. Elle a d\u00e9but\u00e9 \u00e0 l\u2019origine \u00e0 cause  d\u2019une p\u00e9riode d\u2019inactivit\u00e9 pendant que je r\u00e9alisais Milhana, et compte \u00e0  ce jour 9 \u00e9pisodes, sur les 10 initialement prevus. J\u2019ai le regret  d\u2019annoncer que le 10eme n\u2019est pas pr\u00e8s de voir le jour \ud83d\ude41<\/p>\n\n\n\n<p>Cette saga  \u00e9tait a l\u2019origine un d\u00e9fouloir pour remplir mon temps libre pendant que  Milhana \u00e9tait en attente. Cependant, j\u2019ai d\u2019autres projets en cours \u00e0  pr\u00e9sent, et je n\u2019ai pas suffisamment de motivation pour finir cette  saga. Le projet de l\u2019\u00e9pisode final est toujours \u00e0 moiti\u00e9 fini (et en  bordel), je n\u2019exclus pas la possibilit\u00e9 qu\u2019il sorte un jour mais ce  n\u2019est plus dans mes priorit\u00e9s.<\/p>\n\n\n\n<h2 id=\"1287\">1287<\/h2>\n\n\n\n<div class=\"wp-block-image\"><figure class=\"aligncenter\"><img loading=\"lazy\" width=\"532\" height=\"165\" src=\"https:\/\/www.zylannprods.fr\/fr\/wp-content\/uploads\/2015\/10\/bandef33.png\" alt=\"\" class=\"wp-image-1090\" srcset=\"https:\/\/www.zylannprods.fr\/fr\/wp-content\/uploads\/2015\/10\/bandef33.png 532w, https:\/\/www.zylannprods.fr\/fr\/wp-content\/uploads\/2015\/10\/bandef33-300x93.png 300w\" sizes=\"(max-width: 532px) 100vw, 532px\" \/><\/figure><\/div>\n\n\n\n<p>Pendant plusieurs ann\u00e9es, j\u2019ai co-cr\u00e9\u00e9 une sympathique saga audio  m\u00e9di\u00e9vale avec l\u2019ami Mathieu Quintin, dont il avait la charge de  r\u00e9alisation pendant les 4 premiers \u00e9pisodes. Cependant, n\u2019ayant plus de  saga perso a produire, je lui ai propose de reprendre la r\u00e9alisation,  \u00e9tant donn\u00e9  qu\u2019il manquait de temps et qu\u2019aucun  \u00e9pisode n\u2019avait pu  sortir pendant pas mal de temps.<\/p>\n\n\n\n<p>Toutes les voix \u00e9tant d\u00e9ja enregistr\u00e9es, j\u2019ai donc pu finir 1287  relativement vite. Par contre\u2026 le dernier \u00e9pisode fut assez mastoc. En  effet je me suis mis en t\u00eate de r\u00e9aliser la bande originale compl\u00e8te en  plus du montage de l\u2019\u00e9pisode, ce qui a pris environ\u2026 10 mois? Le  r\u00e9sultat est 45 minutes de pure folie, et une OST \u00e9pique de 40 minutes.  La saga est donc termin\u00e9e! Vous pouvez l\u2019\u00e9couter sur <a href=\"http:\/\/1287.aerrond.com\/\">http:\/\/1287.aerrond.com\/<\/a>, et la musique est disponible sur <a href=\"https:\/\/www.youtube.com\/watch?v=fuQ_aU6RLuI\">YouTube<\/a>.<\/p>\n\n\n\n<h2 id=\"la-residence-wasager\">La r\u00e9sidence Wasager<\/h2>\n\n\n\n<div class=\"wp-block-image\"><figure class=\"aligncenter\"><img src=\"http:\/\/www.wavesavengers.fr\/wp-content\/uploads\/Inclassables\/La_Residence_Wasager-mp3-image-300x300.jpg\" alt=\"\"\/><\/figure><\/div>\n\n\n\n<p>En tant que membre du group de cr\u00e9ateurs <a href=\"http:\/\/www.wavesavengers.fr\/\">Waves Avengers<\/a>, il m\u2019arrive  de participer \u00e0 leurs cr\u00e9ations, et parfois de les r\u00e9aliser :p Il existe  une petite s\u00e9rie cr\u00e9\u00e9e par notre groupe, mettant en sc\u00e8ne nos propres  personalit\u00e9s de mani\u00e8re caricaturale (car on se retrouve souvent sur le  m\u00eame serveur vocal et ca d\u00e9conne beaucoup). Cette s\u00e9rie a commenc\u00e9 avec  <a href=\"http:\/\/www.wavesavengers.fr\/creations-audio\/les-inclassables\/bienvenue-chez-les-waves-avengers\/\">Bienvenue Chez les Waves\u2019s Avengers<\/a>, une parodie de sitcom. Puis s\u2019est  poursuivie avec une <a href=\"http:\/\/www.wavesavengers.fr\/creations-audio\/les-inclassables\/noel-chez-les-waves-avengers\/\">\u00e9dition de No\u00ebl<\/a>. Derni\u00e8rement, une version Halloween  bas\u00e9e sur Resident Evil est sortie en mode found-footage, dont j\u2019ai  assum\u00e9 la r\u00e9alisation et la musique. Si vous \u00eates curieux, vous pouvez  retrouver l\u2019\u00e9pisode ici: <a href=\"http:\/\/www.wavesavengers.fr\/creations-audio\/les-inclassables\/la-residence-wasager\/\">http:\/\/www.wavesavengers.fr\/creations-audio\/les-inclassables\/la-residence-wasager\/<\/a><\/p>\n\n\n\n<p>Note: \u00e0 ce jour la s\u00e9rie est pas vraiment class\u00e9e, ce sont surtout plusieurs monos s\u00e9par\u00e9s.<\/p>\n\n\n\n<h2 id=\"godot-engine\">Godot Engine<\/h2>\n\n\n\n<div class=\"wp-block-image\"><figure class=\"aligncenter\"><img loading=\"lazy\" width=\"512\" height=\"207\" src=\"https:\/\/www.zylannprods.fr\/fr\/wp-content\/uploads\/2019\/10\/logo.png\" alt=\"\" class=\"wp-image-1378\" srcset=\"https:\/\/www.zylannprods.fr\/fr\/wp-content\/uploads\/2019\/10\/logo.png 512w, https:\/\/www.zylannprods.fr\/fr\/wp-content\/uploads\/2019\/10\/logo-300x121.png 300w\" sizes=\"(max-width: 512px) 100vw, 512px\" \/><\/figure><\/div>\n\n\n\n<p>Au cours de ces derni\u00e8res ann\u00e9es, je me suis progressivement investi  dans le moteur de cr\u00e9ation de jeu video <a href=\"https:\/\/godotengine.org\/\">Godot Engine<\/a>. Il s\u2019agit d\u2019un  concurrent libre et open-source a Unreal ou encore Unity3D. Je suis  pass\u00e9 de simple utilisateur occasionel \u00e0 contributeur actif. Si vous  bossez dans ce milieu, ce moteur de jeu vaut vraiment le coup d\u2019oeil, et  a beaucoup de potentiel grace \u00e0 sa license MIT, qui conf\u00e8re \u00e0 tout le  monde l\u2019acc\u00e8s au code source sans avoir \u00e0 payer un centime, meme si  votre projet est commercial.<\/p>\n\n\n\n<p>J\u2019ai donc r\u00e9alis\u00e9 de nombreuses contributions:<\/p>\n\n\n\n<ul><li>Pour l\u2019\u00e9diteur: cam\u00e9ra free-flight en 3D, rendu de lignes, courbes  d\u2019animation, recherche globale dans les scripts, optimisations de  raycast pour les terrains\u2026<\/li><li><a href=\"https:\/\/github.com\/Zylann\/godot_voxel\">Un module C++<\/a> pour cr\u00e9er des mondes en voxel, comme Minecraft ou Space Engineers<\/li><li><a href=\"https:\/\/godotengine.org\/asset-library\/asset?user=Zylann\">Des plugins<\/a> pour cr\u00e9er des terrains, un \u00e9diteur de traductions, un debugger pour l\u2019\u00e9diteur lui-m\u00eame, et autres outils divers<\/li><li>Participation au <a href=\"https:\/\/godotengine.org\/qa\/questions\">site de Q&amp;A<\/a>, dont je suis le contributeur le plus fr\u00e9quent<\/li><li>J\u2019ai \u00e9t\u00e9 pr\u00e9sent \u00e0 toutes les conventions GodotCon depuis 2017<\/li><li>Et je commence m\u00eame \u00e0 utiliser Godot Engine pour cr\u00e9er des <a href=\"https:\/\/github.com\/Zylann\/saga_toolkit_app\">outils pour la fiction audio<\/a>!<\/li><li>Mon profil Github: <a href=\"https:\/\/github.com\/Zylann\"><\/a><a href=\"https:\/\/github.com\/Zylann\">https:\/\/github.com\/Zylann<\/a><\/li><\/ul>\n\n\n\n<p>Vous pouvez constater que c\u2019est un sacr\u00e9 investissement, et en partie pourquoi j\u2019ai  ralenti mon activit\u00e9 du cot\u00e9 de la sagasph\u00e8re. Cela dit, je fais des  pauses (qui peuvent durer un mois ou deux), durant lesquelles je me  concentre \u00e0 nouveau sur le monde de l\u2019audio. Ce fut le cas pour 1287, et  c\u2019est aussi le cas \u00e0 l\u2019heure ou j\u2019\u00e9cris ces lignes, car un nouveau  projet m\u2019attends\u2026<\/p>\n\n\n\n<h2 id=\"une-nouvelle-saga\">Une nouvelle saga<\/h2>\n\n\n\n<div class=\"wp-block-image\"><figure class=\"aligncenter\"><img loading=\"lazy\" width=\"960\" height=\"197\" src=\"https:\/\/www.zylannprods.fr\/fr\/wp-content\/uploads\/2019\/10\/planet_close5_band.png\" alt=\"\" class=\"wp-image-1379\" srcset=\"https:\/\/www.zylannprods.fr\/fr\/wp-content\/uploads\/2019\/10\/planet_close5_band.png 960w, https:\/\/www.zylannprods.fr\/fr\/wp-content\/uploads\/2019\/10\/planet_close5_band-300x62.png 300w, https:\/\/www.zylannprods.fr\/fr\/wp-content\/uploads\/2019\/10\/planet_close5_band-768x158.png 768w\" sizes=\"(max-width: 960px) 100vw, 960px\" \/><\/figure><\/div>\n\n\n\n<p>J\u2019ai commenc\u00e9 l\u2019\u00e9criture d\u2019une nouvelle saga depuis quelques ann\u00e9es,  et je suis actuellement en train de finir sa relecture. Les  enregistrements devraient donc debuter prochainement. Il s\u2019agira de la  premi\u00e8re saga se deroulant dans un univers plus large que j\u2019ai en t\u00eate  depuis assez longtemps, donc les \u00e9l\u00e9ments qui y sont abord\u00e9s ont des  chances de ressurgir dans d\u2019autres histoires \u00e0 venir.<\/p>\n\n\n\n<p>Il s\u2019agit d\u2019une saga de science-fiction, se d\u00e9roulant sur une  exoplan\u00e8te hostile, sur laquelle ce qui reste d\u2019humains tente de  survivre \u00e0 un oc\u00e9an couvrant le monde tout entier\u2026 vous en saurez plus  lors du premier trailer, ou du premier  \u00e9pisode, je n\u2019ai pas encore  d\u00e9cid\u00e9 si j\u2019en ferait un \ud83d\ude42 La saga devrait avoir 8 \u00e9pisodes, d\u2019une  dur\u00e9e approximant les 20 minutes chacun. En attendant, j\u2019ai d\u00e9j\u00e0 r\u00e9alis\u00e9  quelques essais musicaux:<\/p>\n\n\n\n<figure class=\"wp-block-audio\"><audio controls src=\"https:\/\/zylannprods.fr\/audiosagas\/enfer-liquide\/intro_preview3.ogg\"><\/audio><\/figure>\n\n\n\n<figure class=\"wp-block-audio\"><audio controls src=\"https:\/\/zylannprods.fr\/audiosagas\/enfer-liquide\/alone_in_the_sea_preview1-1.ogg\"><\/audio><\/figure>\n\n\n\n<h2 id=\"a-suivre\">A suivre\u2026<\/h2>\n\n\n\n<p>C\u2019est tout pour aujourd\u2019hui! Beaucoup de choses \u00e0 couvrir pour ces 4  derni\u00e8res ann\u00e9es, j\u2019esp\u00e8re que je n\u2019oublie rien. Je posterai des news  plus tard pour l\u2019avancement de ma saga, et peut-\u00eatre aussi pour Godot  Engine, bien que la communaut\u00e9 soit majoritairement anglophone.  Peut-\u00eatre que je les posterai en deux langues :p<\/p>\n\n\n\n<p>Suivez-moi sur Twitter: <a href=\"https:\/\/twitter.com\/ZylannMP3\">@ZylannMP3<\/a> <br>Ou rejoignez le serveur Discord fiction sonores: <a href=\"https:\/\/discord.gg\/zPjycp\">https:\/\/discord.gg\/zPjycp<\/a> <br>Ou le Discord des Waves Avengers: <a href=\"https:\/\/discord.gg\/qKV7QR\">https:\/\/discord.gg\/qKV7QR<\/a> <br>Ou le Discord de Godot Engine: <a href=\"https:\/\/discord.gg\/DDte4K\">https:\/\/discord.gg\/DDte4K<\/a><\/p>\n","protected":false},"excerpt":{"rendered":"<p>Hello. \u00c7a fait un bail que je n\u2019ai pas post\u00e9 d\u2019article depuis la fin de Milhana, il \u00e9tait temps que<\/p>\n","protected":false},"author":1,"featured_media":0,"comment_status":"open","ping_status":"open","sticky":false,"template":"","format":"standard","meta":[],"categories":[2],"tags":[121,57,115,20,122,52,19,39],"_links":{"self":[{"href":"https:\/\/www.zylannprods.fr\/fr\/wp-json\/wp\/v2\/posts\/1377"}],"collection":[{"href":"https:\/\/www.zylannprods.fr\/fr\/wp-json\/wp\/v2\/posts"}],"about":[{"href":"https:\/\/www.zylannprods.fr\/fr\/wp-json\/wp\/v2\/types\/post"}],"author":[{"embeddable":true,"href":"https:\/\/www.zylannprods.fr\/fr\/wp-json\/wp\/v2\/users\/1"}],"replies":[{"embeddable":true,"href":"https:\/\/www.zylannprods.fr\/fr\/wp-json\/wp\/v2\/comments?post=1377"}],"version-history":[{"count":11,"href":"https:\/\/www.zylannprods.fr\/fr\/wp-json\/wp\/v2\/posts\/1377\/revisions"}],"predecessor-version":[{"id":1393,"href":"https:\/\/www.zylannprods.fr\/fr\/wp-json\/wp\/v2\/posts\/1377\/revisions\/1393"}],"wp:attachment":[{"href":"https:\/\/www.zylannprods.fr\/fr\/wp-json\/wp\/v2\/media?parent=1377"}],"wp:term":[{"taxonomy":"category","embeddable":true,"href":"https:\/\/www.zylannprods.fr\/fr\/wp-json\/wp\/v2\/categories?post=1377"},{"taxonomy":"post_tag","embeddable":true,"href":"https:\/\/www.zylannprods.fr\/fr\/wp-json\/wp\/v2\/tags?post=1377"}],"curies":[{"name":"wp","href":"https:\/\/api.w.org\/{rel}","templated":true}]}}